{"id":514,"date":"2009-01-10T12:00:38","date_gmt":"2009-01-10T11:00:38","guid":{"rendered":"http:\/\/redactie.radiocentraal.be\/Home\/?p=514"},"modified":"2009-01-10T12:00:38","modified_gmt":"2009-01-10T11:00:38","slug":"vrijheidsprijs-voor-geert-wilders","status":"publish","type":"post","link":"https:\/\/redactie.radiocentraal.org\/home\/vrijheidsprijs-voor-geert-wilders\/","title":{"rendered":"Geert Wilders weeral prijs"},"content":{"rendered":"<p><img loading=\"lazy\" decoding=\"async\" class=\"alignleft\" style=\"float: left;\" src=\"http:\/\/redactie.radiocentraal.org\/2008\/Red081220_GeertWilders.jpg\" alt=\"Geert Wilders (bovenzicht)\" width=\"121\" height=\"121\" \/>Op 23 oktober 2008 meldde <a href=\"http:\/\/www.standaard.be\/Artikel\/Detail.aspx?artikelId=DMF23102008_067\" target=\"_blank\" rel=\"noopener noreferrer\">de Standaard<\/a> dat de Hollandse anti-semitische politicus Geert Wilders een &#8220;prijs voor de vrijheid&#8221; ging ontvangen.<br \/>\nOp 2 januari 2009 was het weer prijs: nu wordt Wilders\u00a0door \u00a0het &#8220;Horowitz Freedom Centre&#8221; tot man van het jaar gekozen.<br \/>\nIn werkelijkheid blijkt het om 2\u00a0pro-israelische lobbygroepjes te gaan die nauw met elkaar samenwerken.\u00a0 Op hun eigen sites is prijsbeest Wilders eigenaardig genoeg niet direct te vinden. De vraag is dus vooral hoe dit nieuws in onze kranten geraakt.<br \/>\n<!--more--><br \/>\n&#8220;Een Amerikaanse organisatie die zich inzet voor de vrijheid van meningsuiting, heeft leider Geert Wilders van de Partij voor de Vrijheid (PVV) een Freedom Award toegekend. De Nederlandse politicus zal de prijs &#8216;met veel trots&#8217; in ontvangst nemen, liet hij weten.&#8221; aldus De Standaard, zonder veel verdere achtergrond.<br \/>\nDe prijs krijgt Wilders\u00a0van de zogenaamde <strong><em>American Freedom Alliance.<\/em><\/strong> De\u00a0 rest van de persmededelingen doet al\u00a0enig onraad vermoeden: &#8220;De American Freedom Alliance reikt de onderscheiding elk jaar uit aan een individu of organisatie die met moed en toewijding de vrijheid in de wereld verdedigt. Eerder ging de prijs onder anderen naar Flemming Rose, de Deense journalist die de gewraakte cartoons over de profeet Mohammed publiceerde, en de Franse mediawaakhond Philippe Karsenty.&#8221;<br \/>\nDe nogal flauwe anti-moslim cartoons zijn welgekend, de Franse &#8220;mediawaakhond&#8221; Karsenty is dat minder. Karsenty beschuldigde destijds Antenne 2 ervan de\u00a0berichtgeving\u00a0over\u00a0het doodschieten van het 12 jarig jongetje Mohammed Al Durrah door het Isra\u00eblisch leger\u00a0\u00a0te hebben gefabriceerd.\u00a0 <a href=\"http:\/\/en.wikipedia.org\/wiki\/Muhammad_al-Durrah\">Mohammed Al Durrah<\/a> kwam met zijn vader in 2000 de vuurlinie terecht tussen het Isra\u00eblisch leger en de Palestijnse veiligheidstroepen. Dat was kort na de start van de 2e intifada. De discusie ging er in eerste instantie\u00a0\u00a0over of de Isra\u00ebli het koppel doelbewust als schietschijf gebruikten of dat ze\u00a0per ongeluk werden doodgeschoten door de Isra\u00eblische soldaten.<br \/>\nKarsenty&#8217;s mediawaakzaamheid beperkt zich tot het aan de kaak stellen\u00a0van &#8220;anti-Amerikaanse&#8221; en anti-Isra\u00eblische berichtgeving. Het nieuws dat Isra\u00eblische soldaten Palestijnse kinderen bewust afschiet was een publicitaire ramp voor Isra\u00ebl die\u00a0Karsenty niet zomaar wilde laten passeren.<br \/>\nDe <strong>American Freedom Alliance<\/strong> (AFA) heeft tot o.a. doel &#8220;de wereld te beschermen tegen anti-semitisme, anti-zionisme, dwang en fascisme&#8221;. Dat anti-fascimse en zionisme na 60 jaar Israel als overeenstemmend eerder dan als contradictie in terminis beschouwd worden, geeft aan dat ook AFE zelf in hetzelfde bedje ziek is als Karsenty.<br \/>\nDe AFA werd in 2007 opgericht door Avi Davis, Robert Spencer, Tashbih Sayyed en Babu Suseelan. Wie zijn die mensen?<br \/>\n<strong>Robert Spencer<\/strong> is een Amerikaan die een paar bestsellers schreef over de Islam. Op zich niets mis met boeken die dogmatisch denken en fanatisme aan de kaak stellen, maar Spencer ziet blijkbaar alleen graten in moslim-extremisme en niet in Christelijk of Joods-religieuse fanatici. In die mate dat Benazir Bhutto het nodig vond hem te vermelden in een boek als zijnde een man die &#8221; een verbogen, eenzijdig en onrusstokend verhaal vertelt dat er alleen op uit is om conflikten tussen de verschillende groepen in de samenleving aan te wakkeren&#8221;.<br \/>\nRobert Spencer vertoont m.a.w enige gelijkenis met Wilders zelf.<br \/>\n<strong>Spencer<\/strong> schrijft voor Frontpage Magazine, een vehikel van <strong>David Horowitz <\/strong>dat al ter sprake kwam in onze bijdrage over <a href=\"http:\/\/redactie.radiocentraal.be\/Home\/?p=250\" target=\"_blank\" rel=\"noopener noreferrer\">Terror-Free Oil<\/a> van begin vorig jaar. Horowitz begon 40 jaar geleden aan de linkerzijde maar gleed af tot een volbloed neoconservatief.<br \/>\nIn mei 2006 gaf Frontpagemag en forum aan &#8230;. <a href=\"http:\/\/www.frontpagemag.com\/Articles\/Read.aspx?GUID=bd9413f9-34cf-4dd4-9822-6a7e2b323eb3\" target=\"_blank\" rel=\"noopener noreferrer\">Philippe Karsenty<\/a>.<br \/>\nDe ondertussen gestorven <strong>Tashbib Sayyed<\/strong> was vooral bezig met te proberen aantonen van de dreiging die de Islam voor de Verenigde Staten\u00a0betekent. Sayyed was afkomstig uit Pakistan een land met een belangrijke stroming van\u00a0moslim extremisme. Enige paranoia kan de man dus vergeven worden, spijtig\u00a0genoeg\u00a0verleende hij ook zijn medewerking tot pro-Isra\u00ebl propagandafilms \u00a0zoals <a href=\"http:\/\/www.imdb.com\/title\/tt0389316\/\" target=\"_blank\" rel=\"noopener noreferrer\">Relentless<\/a>.<br \/>\nOok AFA shef <strong>Avi Davis<\/strong> draait dezelfde plaat: Hij neemt graag het begrip &#8220;Joods-Christelijke&#8221; beschaving in de mond, opnieuw een redelijk contradictorisch begrip aangezien -een eerder beperkte christelijk zionistische stroming daar gelaten- het Christendom zich in de loop der tijden vooral bezig gehouden heeft met het verketteren van de Joden.<br \/>\nIn het geluidfragment heeft Davis\u00a0het, zonder al te veel gestotter en schaamrood, over de waarde van het leven en het geloof in de democratie en mensenrechten\u00a0 in de &#8220;Joods-Christelijke beschaving&#8221;.<br \/>\nDavis werd geboren in Australi\u00eb, emigreerde naar de VS, is actief lid\u00a0en leider van een aantal Isra\u00eblische organisaties en is ook eigenaar\u00a0van een huis in <a href=\"http:\/\/en.wikipedia.org\/wiki\/Safad\" target=\"_blank\" rel=\"noopener noreferrer\">Safad<\/a>, het Palestijns dorp waaruit\u00a0 de familie van president Abbas en de 12000 andere Palestijnen gezuiverd\u00a0werden door zionistische milities.<br \/>\nHet is niet duidelijk of een eventuele terugkeer van de verdreven oorspronkelijke bewoners de eigendomsrechten van Davis in het gedrang zouden brengen; enige verstoring van zijn zakenbelangen in het gezuiverde Palestina lijkt evenwel niet onwaarschijnlijk.<br \/>\nOp 1 januari 2009 verschijnt dus in onze pers dat het &#8220;Horiwitz Freedom Centre&#8221; Wilders tot man van het jaar kiest. Het blijkt inderdaad over dezelfde David Horowitz te gaan\u00a0met wie \u00a0 de mensen van AFE\u00a0samenwerken.<br \/>\nOp de <a href=\"http:\/\/www.horowitzfreedomcenter.org\/\">site<\/a> van de (\u00e9\u00e9nmans?) organisatie zelf valt\u00a0niet veel te lezen de bekroonde \u00a0man van het jaar. Maar des te meer over de situatie in het Midden Oosten. Onder &#8220;what really happened&#8221; geeft Horowitz zijn waarheid van wat er in Palestina gebeurd is sedert 1947. Zo vernemen we\u00a0dat eigenlijk ook Jordanie tot Israel behoort.<br \/>\n<strong><span style=\"text-decoration: underline;\">Konklusie:<\/span><\/strong><br \/>\nDe <strong>American Freedom Alliance<\/strong> en het <strong>Horowitz Freedom Centre<\/strong> is \u00e9\u00e9n\u00a0clubje van anti-semitische\u00a0Isra\u00ebl afficionados dat prijzen uitdeelt aan buitenlandse gelijkgezinden. Ze verkopen hun Waarheid en beschermen hun\u00a0economische belangen\u00a0\u00a0op basis van de\u00a0&#8220;morele superioriteit&#8221; van het Christelijke Westen.<br \/>\nHet uitgestreken gezicht waarmee ze dit doen en mediaconnecties volstaan blijkbaar opdat dit door onze\u00a0kwaliteitspers zou overgenomen worden.<\/p>\n","protected":false},"excerpt":{"rendered":"<p>Op 23 oktober 2008 meldde de Standaard dat de Hollandse anti-semitische politicus Geert Wilders een &#8220;prijs voor de vrijheid&#8221; ging ontvangen. Op 2 januari 2009 was het weer prijs: nu wordt Wilders\u00a0door \u00a0het &#8220;Horowitz Freedom Centre&#8221; tot man van het jaar gekozen. In werkelijkheid blijkt het om 2\u00a0pro-israelische lobbygroepjes te gaan die nauw met elkaar &hellip; <a href=\"https:\/\/redactie.radiocentraal.org\/home\/vrijheidsprijs-voor-geert-wilders\/\" class=\"more-link\">Continue reading <span class=\"screen-reader-text\">Geert Wilders weeral prijs<\/span><\/a><\/p>\n","protected":false},"author":2,"featured_media":0,"comment_status":"open","ping_status":"open","sticky":false,"template":"","format":"standard","meta":{"footnotes":""},"categories":[17,23],"tags":[80,790],"class_list":["post-514","post","type-post","status-publish","format-standard","hentry","category-internationale-politiek","category-midden-oosten","tag-antisemitisme","tag-neocons"],"_links":{"self":[{"href":"https:\/\/redactie.radiocentraal.org\/home\/wp-json\/wp\/v2\/posts\/514","targetHints":{"allow":["GET"]}}],"collection":[{"href":"https:\/\/redactie.radiocentraal.org\/home\/wp-json\/wp\/v2\/posts"}],"about":[{"href":"https:\/\/redactie.radiocentraal.org\/home\/wp-json\/wp\/v2\/types\/post"}],"author":[{"embeddable":true,"href":"https:\/\/redactie.radiocentraal.org\/home\/wp-json\/wp\/v2\/users\/2"}],"replies":[{"embeddable":true,"href":"https:\/\/redactie.radiocentraal.org\/home\/wp-json\/wp\/v2\/comments?post=514"}],"version-history":[{"count":0,"href":"https:\/\/redactie.radiocentraal.org\/home\/wp-json\/wp\/v2\/posts\/514\/revisions"}],"wp:attachment":[{"href":"https:\/\/redactie.radiocentraal.org\/home\/wp-json\/wp\/v2\/media?parent=514"}],"wp:term":[{"taxonomy":"category","embeddable":true,"href":"https:\/\/redactie.radiocentraal.org\/home\/wp-json\/wp\/v2\/categories?post=514"},{"taxonomy":"post_tag","embeddable":true,"href":"https:\/\/redactie.radiocentraal.org\/home\/wp-json\/wp\/v2\/tags?post=514"}],"curies":[{"name":"wp","href":"https:\/\/api.w.org\/{rel}","templated":true}]}}