{"id":4984,"date":"2013-12-15T17:00:49","date_gmt":"2013-12-15T15:00:49","guid":{"rendered":"http:\/\/redactie.radiocentraal.be\/Home\/?p=4984"},"modified":"2013-12-15T17:00:49","modified_gmt":"2013-12-15T15:00:49","slug":"voorwaarts-northern-alliance-for-sustainability","status":"publish","type":"post","link":"https:\/\/redactie.radiocentraal.org\/home\/voorwaarts-northern-alliance-for-sustainability\/","title":{"rendered":"Voorwaarts!? Northern Alliance for Sustainability"},"content":{"rendered":"<p>Op het nippertje, net voor deze organisatie als eigen afdeling deel gaat uitmaken van het <a href=\"http:\/\/www.eeb.org\" target=\"_blank\" rel=\"noopener noreferrer\"><strong>European Environmental Bureau<\/strong><\/a>, spraken we met <strong>Leida Rijnhout<\/strong> van <a href=\"http:\/\/www.anped.org\" target=\"_blank\" rel=\"noopener noreferrer\"><strong>ANPED<\/strong><\/a>, een coalitie van duurzaamheidsbevorderende NGO&#8217;s van het noordelijk halfrond. Ze was eerder co\u00f6rdinator van het intussen ter ziele gegane <a href=\"http:\/\/www.expertisepunt.be\/organisatie\/352\" target=\"_blank\" rel=\"noopener noreferrer\"><strong>VODO<\/strong><\/a> en zette haar werk op internationaal niveau verder. Dat werk bestaat dan voornamelijk uit beleidsbe\u00efnvloeding bij VN- en EU-instellingen. De duurzaamheidsgedachte sijpelde de afgelopen decennia dankzij de nodige hardnekkigheid langzaam maar zeker door op het internationale beleidsniveau, zodat termen als voedselsoevereiniteit, ecologisch schuld, &#8216;human rights based approach&#8217; &#8230; nu deel uitmaken van de gangbare woordenschat aldaar.<br \/>\n<strong>ANPED<\/strong> is bij de <strong>VN<\/strong> \u00e9\u00e9n van de drie &#8216;organizing partners&#8217; voor de NGO-wereld, die als geheel \u00e9\u00e9n van de negen <a href=\"http:\/\/sustainabledevelopment.un.org\/orgpartners.html\"><strong>major groups<\/strong><\/a> vormt die bij het uitwerken van een duurzaam beleid hun stem mogen laten horen. In die hoedanigheid werkt <strong>Leida Rijnhout<\/strong> momenteel mee aan de formulering van wat het vervolg op de millenniumdoelstellingen moet worden, de <a href=\"http:\/\/sustainabledevelopment.un.org\/\"><strong>Duurzame Ontwikkelingsdoelen<\/strong><\/a>. Die worden momenteel uitgebroed door een niet altijd even vanzelfsprekend\u00a0 samenwerkingsverband tussen de Noord-Zuid- \u00e9n de milieubeweging. Daarbinnen zou het besef moeten groeien dat &#8216;ontwikkeling&#8217; en milieu onlosmakelijk met elkaar verbonden zijn, en dat we alleen aan duurzaamheid kunnen werken als alle neuzen dezelfde kant op staan. Helaas zal het nog heel wat werk en overreding vergen om de id\u00e9e fixe van economische groei als oplossing voor alle mogelijke problemen uit de wereld te helpen, wat toch een voorwaarde is voor een \u00e9cht duurzaam beleid.<br \/>\n<strong>Voorwaarts!?<\/strong> = uw tweewekelijkse dosis maatschappelijk engagement, zondag 17u<br \/>\n<strong><a href=\"http:\/\/redactie.radiocentraal.be\/Home\/?s=Voorwaarts!?\">Alle Voorwaarts-uitzendingen op een rijtje<\/a><\/strong><\/p>\n<div class=\"powerpress_player\" id=\"powerpress_player_10\"><audio class=\"wp-audio-shortcode\" id=\"audio-4984-1\" preload=\"none\" style=\"width: 100%;\" controls=\"controls\"><source type=\"audio\/mpeg\" src=\"http:\/\/redactie.radiocentraal.org\/2013\/131215_anped1.mp3?_=1\" \/><a href=\"http:\/\/redactie.radiocentraal.org\/2013\/131215_anped1.mp3\">http:\/\/redactie.radiocentraal.org\/2013\/131215_anped1.mp3<\/a><\/audio><\/div><p class=\"powerpress_links powerpress_links_mp3\" style=\"margin-bottom: 1px !important;\">Podcast: <a href=\"http:\/\/redactie.radiocentraal.org\/2013\/131215_anped1.mp3\" class=\"powerpress_link_pinw\" target=\"_blank\" title=\"Play in new window\" onclick=\"return powerpress_pinw('https:\/\/redactie.radiocentraal.org\/home\/?powerpress_pinw=4984-podcast');\" rel=\"nofollow\">Play in new window<\/a> | <a href=\"http:\/\/redactie.radiocentraal.org\/2013\/131215_anped1.mp3\" class=\"powerpress_link_d\" title=\"Download\" rel=\"nofollow\" download=\"131215_anped1.mp3\">Download<\/a><\/p>","protected":false},"excerpt":{"rendered":"<p>Op het nippertje, net voor deze organisatie als eigen afdeling deel gaat uitmaken van het European Environmental Bureau, spraken we met Leida Rijnhout van ANPED, een coalitie van duurzaamheidsbevorderende NGO&#8217;s van het noordelijk halfrond. Ze was eerder co\u00f6rdinator van het intussen ter ziele gegane VODO en zette haar werk op internationaal niveau verder. Dat werk &hellip; <a href=\"https:\/\/redactie.radiocentraal.org\/home\/voorwaarts-northern-alliance-for-sustainability\/\" class=\"more-link\">Continue reading <span class=\"screen-reader-text\">Voorwaarts!? Northern Alliance for Sustainability<\/span><\/a><\/p>\n","protected":false},"author":2,"featured_media":0,"comment_status":"open","ping_status":"open","sticky":false,"template":"","format":"standard","meta":{"footnotes":""},"categories":[11,17,18,25],"tags":[],"class_list":["post-4984","post","type-post","status-publish","format-standard","hentry","category-energie-milieu-gezondheid","category-internationale-politiek","category-klimaat","category-mobiliteit"],"_links":{"self":[{"href":"https:\/\/redactie.radiocentraal.org\/home\/wp-json\/wp\/v2\/posts\/4984","targetHints":{"allow":["GET"]}}],"collection":[{"href":"https:\/\/redactie.radiocentraal.org\/home\/wp-json\/wp\/v2\/posts"}],"about":[{"href":"https:\/\/redactie.radiocentraal.org\/home\/wp-json\/wp\/v2\/types\/post"}],"author":[{"embeddable":true,"href":"https:\/\/redactie.radiocentraal.org\/home\/wp-json\/wp\/v2\/users\/2"}],"replies":[{"embeddable":true,"href":"https:\/\/redactie.radiocentraal.org\/home\/wp-json\/wp\/v2\/comments?post=4984"}],"version-history":[{"count":0,"href":"https:\/\/redactie.radiocentraal.org\/home\/wp-json\/wp\/v2\/posts\/4984\/revisions"}],"wp:attachment":[{"href":"https:\/\/redactie.radiocentraal.org\/home\/wp-json\/wp\/v2\/media?parent=4984"}],"wp:term":[{"taxonomy":"category","embeddable":true,"href":"https:\/\/redactie.radiocentraal.org\/home\/wp-json\/wp\/v2\/categories?post=4984"},{"taxonomy":"post_tag","embeddable":true,"href":"https:\/\/redactie.radiocentraal.org\/home\/wp-json\/wp\/v2\/tags?post=4984"}],"curies":[{"name":"wp","href":"https:\/\/api.w.org\/{rel}","templated":true}]}}