{"id":4452,"date":"2013-10-12T13:00:12","date_gmt":"2013-10-12T11:00:12","guid":{"rendered":"http:\/\/redactie.radiocentraal.be\/Home\/?p=4452"},"modified":"2013-10-12T13:00:12","modified_gmt":"2013-10-12T11:00:12","slug":"de-palestijnse-vluchtelingenkampen-in-syrie","status":"publish","type":"post","link":"https:\/\/redactie.radiocentraal.org\/home\/de-palestijnse-vluchtelingenkampen-in-syrie\/","title":{"rendered":"De Palestijnse vluchtelingenkampen in Syri\u00eb"},"content":{"rendered":"<p>Miljoenen Syri\u00ebrs zijn momenteel op de vlucht voor het oorlogsgeweld, in Syri\u00eb zelf of in het buitenland. Maar het land herbergde al sedert de <a href=\"http:\/\/nl.wikipedia.org\/wiki\/Al-Nakba\" target=\"_blank\" rel=\"noopener\">Nakba<\/a> inwoners die uit\u00a0Palestina (later herdoopt in Isra\u00ebl) verdreven waren door de kolonisatoren.\u00a0 Sommige van die Palestijnse kampen in Syri\u00eb lijken na meer dan 60 jaar eerder op een wijk dan op een vluchtelingenkamp.<br \/>\nHet <a href=\"http:\/\/en.wikipedia.org\/wiki\/Popular_Front_for_the_Liberation_of_Palestine_%E2%80%93_General_Command\" target=\"_blank\" rel=\"noopener\">Volksfront voor de Bevrijding van Palestina-algemeen commando<\/a>\u00a0\u00a0\u00a0(PLFP-GC) stond sterk in die kampen en was\u00a0president Assad eerder gunstig gezind. Recentelijk\u00a0vestigden zich echter Salafistische jihadi&#8217;s in de kampen.\u00a0Initieel hielden die zich wat op\u00a0de vlakte \u00a0maar na enige tijd begonnen ze hun eisen te stellen en\u00a0 uiteindelijk slaagden ze erin de leiding van het grootste kamp, Yarmouk in de buurt van Damascus, over te nemen met de steun van een deel van PLFP-GC. Niet iedereen binnen de Palestijnse gemeenschap was namelijk gelukkug met de steun voor Assad.<br \/>\nSedert eind 2012 wordt de strijd tegen Assad dus ook vanuit de kampen gevoerd waardoor die meegesleurd worden in de burgeroorlog, met alle gevolgen vandien.\u00a0<br \/>\nLudo De Brabander van <a href=\"http:\/\/www.vrede.be\/\" target=\"_blank\" rel=\"noopener\">Vrede<\/a> geeft achtergrond.<\/p>\n","protected":false},"excerpt":{"rendered":"<p>Miljoenen Syri\u00ebrs zijn momenteel op de vlucht voor het oorlogsgeweld, in Syri\u00eb zelf of in het buitenland. Maar het land herbergde al sedert de Nakba inwoners die uit\u00a0Palestina (later herdoopt in Isra\u00ebl) verdreven waren door de kolonisatoren.\u00a0 Sommige van die Palestijnse kampen in Syri\u00eb lijken na meer dan 60 jaar eerder op een wijk dan &hellip; <a href=\"https:\/\/redactie.radiocentraal.org\/home\/de-palestijnse-vluchtelingenkampen-in-syrie\/\" class=\"more-link\">Continue reading <span class=\"screen-reader-text\">De Palestijnse vluchtelingenkampen in Syri\u00eb<\/span><\/a><\/p>\n","protected":false},"author":2,"featured_media":0,"comment_status":"open","ping_status":"open","sticky":false,"template":"","format":"standard","meta":{"footnotes":""},"categories":[23],"tags":[858,902,1067],"class_list":["post-4452","post","type-post","status-publish","format-standard","hentry","category-midden-oosten","tag-palestina","tag-plfp-gc","tag-syrie"],"_links":{"self":[{"href":"https:\/\/redactie.radiocentraal.org\/home\/wp-json\/wp\/v2\/posts\/4452","targetHints":{"allow":["GET"]}}],"collection":[{"href":"https:\/\/redactie.radiocentraal.org\/home\/wp-json\/wp\/v2\/posts"}],"about":[{"href":"https:\/\/redactie.radiocentraal.org\/home\/wp-json\/wp\/v2\/types\/post"}],"author":[{"embeddable":true,"href":"https:\/\/redactie.radiocentraal.org\/home\/wp-json\/wp\/v2\/users\/2"}],"replies":[{"embeddable":true,"href":"https:\/\/redactie.radiocentraal.org\/home\/wp-json\/wp\/v2\/comments?post=4452"}],"version-history":[{"count":0,"href":"https:\/\/redactie.radiocentraal.org\/home\/wp-json\/wp\/v2\/posts\/4452\/revisions"}],"wp:attachment":[{"href":"https:\/\/redactie.radiocentraal.org\/home\/wp-json\/wp\/v2\/media?parent=4452"}],"wp:term":[{"taxonomy":"category","embeddable":true,"href":"https:\/\/redactie.radiocentraal.org\/home\/wp-json\/wp\/v2\/categories?post=4452"},{"taxonomy":"post_tag","embeddable":true,"href":"https:\/\/redactie.radiocentraal.org\/home\/wp-json\/wp\/v2\/tags?post=4452"}],"curies":[{"name":"wp","href":"https:\/\/api.w.org\/{rel}","templated":true}]}}