{"id":17876,"date":"2021-07-10T13:10:02","date_gmt":"2021-07-10T11:10:02","guid":{"rendered":"http:\/\/redactie.radiocentraal.be\/Home\/?p=17876"},"modified":"2021-07-10T13:10:02","modified_gmt":"2021-07-10T11:10:02","slug":"voor-en-na-de-moord-op-de-haitiaane-president-moise","status":"publish","type":"post","link":"https:\/\/redactie.radiocentraal.org\/home\/voor-en-na-de-moord-op-de-haitiaane-president-moise\/","title":{"rendered":"Voor en na de moord op de Ha\u00eftiaane president Mo\u00efse"},"content":{"rendered":"<p><img loading=\"lazy\" decoding=\"async\" class=\"alignleft\" src=\"https:\/\/redactie.radiocentraal.org\/2015\/150829_HaitiElections.jpg\" width=\"246\" height=\"165\" \/><br \/>\nWoensdag werd de Ha\u00eftiaanse president <a href=\"https:\/\/en.wikipedia.org\/wiki\/Jovenel_Mo%C3%AFse\" target=\"_blank\" rel=\"noopener noreferrer\">Mo\u00efse<\/a> vermoord. Door onduidelijkheden rond de bepalingen in de grondwet zijn er twijfels over de opvolging waardoor er gepleit wordt voor het sturen van militairen en het zo snel mogelijk organiseren van verkiezingen.<br \/>\nVerkiezingen zullen niet volstaan om de structurele problemen van het land op te lossen, aldus <strong>Joris Willems<\/strong>: \u201cIn 1986 is dictator Jean Claude \u2018Baby Doc\u2019 Duvalier vertrokken. Sedertdien zijn er tal van verkiezingen geweest maar er is nooit gewerkt aan een langetermijn\u00a0 visie voor het land en haar economie met daarbij de \u00a0ontwikkeling van een sociaal systeem.\u201d<br \/>\nWe bellen ook met journaliste <strong><a href=\"https:\/\/fr.wikipedia.org\/wiki\/Colette_Lespinasse\" target=\"_blank\" rel=\"noopener noreferrer\">Colette Lespinasse<\/a><\/strong> in Port-au-Prince. Ze heeft het over de vele vraagtekens bij de omstandigheden van de moord die wijzen richting staatsgreep. Interne medeplichtigheid was er, zoveel is duidelijk. Volgens sommigen zou <strong>Claude Joseph<\/strong>, de ontslagnemende eerste minister die nu alsnog &#8211; met goedkeuring van de VN &#8211; tijdelijk de functie van president waarneemt, eerder op de beklaagdenbank moeten zitten in plaats van het onderzoek in de richting van buitenlandse huurlingen te sturen. &#8220;Hoe komt het dat men niet eens weet hoeveel personeel van de presidenti\u00eble garde aan het werk waren, maar dat men al wel 28 buitenlanders kon opsporen die de moord zouden hebben gepleegd ?&#8221; Er wordt <!--more-->gepleit voor een internationaal onderzoek, zegt Lespinasse.<\/p>\n<div>En nu ? Er wordt door de internationale gemeenschap andermaal aangedrongen op verkiezingen . Lespinasse&#8221;Natuurlijk vormen verkiezingen een onderdeel van het proces, maar eerst moet men zich buigen over de diepe aanhoudende structurele crisis waarin Ha\u00efti zich bevindt. Men moet de oorzaken daarvan kunnen duiden en oplossingen zoeken v\u00f3\u00f3r men verkiezingen organiseert. &#8220;Doorgaan met die verkiezingen vooraleer je de structurele problemen aanpakt duwt Ha\u00efti enkel nog maar in een diepere crisis, en dat is wat de internationale gemeenschap niet begrijpt.&#8221;<\/div>\n<div><\/div>\n<div dir=\"ltr\">NOOT: De geluidskwaliteit aan het begin van het interview met Colette Lespinasse is ondermaats, maar goed nadat we haar even later terugbellen. Onze exuses.<\/div>\n<div class=\"powerpress_player\" id=\"powerpress_player_3130\"><audio class=\"wp-audio-shortcode\" id=\"audio-17876-1\" preload=\"none\" style=\"width: 100%;\" controls=\"controls\"><source type=\"audio\/mpeg\" src=\"http:\/\/redactie.radiocentraal.org\/2021\/210710_Haiti_JorisWillems_ColetteLespinasse.mp3?_=1\" \/><a href=\"http:\/\/redactie.radiocentraal.org\/2021\/210710_Haiti_JorisWillems_ColetteLespinasse.mp3\">http:\/\/redactie.radiocentraal.org\/2021\/210710_Haiti_JorisWillems_ColetteLespinasse.mp3<\/a><\/audio><\/div><p class=\"powerpress_links powerpress_links_mp3\" style=\"margin-bottom: 1px !important;\">Podcast: <a href=\"http:\/\/redactie.radiocentraal.org\/2021\/210710_Haiti_JorisWillems_ColetteLespinasse.mp3\" class=\"powerpress_link_pinw\" target=\"_blank\" title=\"Play in new window\" onclick=\"return powerpress_pinw('https:\/\/redactie.radiocentraal.org\/home\/?powerpress_pinw=17876-podcast');\" rel=\"nofollow\">Play in new window<\/a> | <a href=\"http:\/\/redactie.radiocentraal.org\/2021\/210710_Haiti_JorisWillems_ColetteLespinasse.mp3\" class=\"powerpress_link_d\" title=\"Download\" rel=\"nofollow\" download=\"210710_Haiti_JorisWillems_ColetteLespinasse.mp3\">Download<\/a><\/p>","protected":false},"excerpt":{"rendered":"<p>Woensdag werd de Ha\u00eftiaanse president Mo\u00efse vermoord. Door onduidelijkheden rond de bepalingen in de grondwet zijn er twijfels over de opvolging waardoor er gepleit wordt voor het sturen van militairen en het zo snel mogelijk organiseren van verkiezingen. Verkiezingen zullen niet volstaan om de structurele problemen van het land op te lossen, aldus Joris Willems: &hellip; <a href=\"https:\/\/redactie.radiocentraal.org\/home\/voor-en-na-de-moord-op-de-haitiaane-president-moise\/\" class=\"more-link\">Continue reading <span class=\"screen-reader-text\">Voor en na de moord op de Ha\u00eftiaane president Mo\u00efse<\/span><\/a><\/p>\n","protected":false},"author":2,"featured_media":0,"comment_status":"open","ping_status":"open","sticky":false,"template":"","format":"standard","meta":{"footnotes":""},"categories":[19],"tags":[486],"class_list":["post-17876","post","type-post","status-publish","format-standard","hentry","category-latijns-amerika-carraiben","tag-haiti"],"_links":{"self":[{"href":"https:\/\/redactie.radiocentraal.org\/home\/wp-json\/wp\/v2\/posts\/17876","targetHints":{"allow":["GET"]}}],"collection":[{"href":"https:\/\/redactie.radiocentraal.org\/home\/wp-json\/wp\/v2\/posts"}],"about":[{"href":"https:\/\/redactie.radiocentraal.org\/home\/wp-json\/wp\/v2\/types\/post"}],"author":[{"embeddable":true,"href":"https:\/\/redactie.radiocentraal.org\/home\/wp-json\/wp\/v2\/users\/2"}],"replies":[{"embeddable":true,"href":"https:\/\/redactie.radiocentraal.org\/home\/wp-json\/wp\/v2\/comments?post=17876"}],"version-history":[{"count":0,"href":"https:\/\/redactie.radiocentraal.org\/home\/wp-json\/wp\/v2\/posts\/17876\/revisions"}],"wp:attachment":[{"href":"https:\/\/redactie.radiocentraal.org\/home\/wp-json\/wp\/v2\/media?parent=17876"}],"wp:term":[{"taxonomy":"category","embeddable":true,"href":"https:\/\/redactie.radiocentraal.org\/home\/wp-json\/wp\/v2\/categories?post=17876"},{"taxonomy":"post_tag","embeddable":true,"href":"https:\/\/redactie.radiocentraal.org\/home\/wp-json\/wp\/v2\/tags?post=17876"}],"curies":[{"name":"wp","href":"https:\/\/api.w.org\/{rel}","templated":true}]}}