{"id":11448,"date":"2016-10-08T13:53:04","date_gmt":"2016-10-08T11:53:04","guid":{"rendered":"http:\/\/redactie.radiocentraal.be\/Home\/?p=11448"},"modified":"2016-10-08T13:53:04","modified_gmt":"2016-10-08T11:53:04","slug":"haiti-na-matthew-wat-nu","status":"publish","type":"post","link":"https:\/\/redactie.radiocentraal.org\/home\/haiti-na-matthew-wat-nu\/","title":{"rendered":"Haiti na Matthew. Wat nu?"},"content":{"rendered":"<p><img loading=\"lazy\" decoding=\"async\" class=\"alignleft\" title=\"bron: http:\/\/www.nasa.gov\/image-feature\/hurricane-matthew-hits-haiti\" src=\"http:\/\/redactie.radiocentraal.org\/2016\/161008_matthew.jpg\" alt=\"\" width=\"226\" height=\"190\" \/><br \/>\nOrkaan Matthew trok door de Cara\u00efben en trof vooral het zuidwesten van Ha\u00efti.<\/p>\n<blockquote><p><em><strong>&#8220;Laten we hopen dat hulporganisaties lessen getrokken hebben na de aardbeving van 2010 en deze keer de Ha\u00eftianen zullen betrekken bij de heropbouw.&#8221;<\/strong><\/em><\/p><\/blockquote>\n<p><strong>\u00a0<a href=\"http:\/\/www.avec-papiers.be\" target=\"_blank\" rel=\"noopener\">Joris Willems<\/a><\/strong> doet verslag vanuit Port-Au-Prince:<br \/>\n&#8220;Transport is een groot probleem. Zo loopt er geen asfaltweg tot aan de zwaarst getroffen stad, J\u00e9r\u00e9mie. Voor zover ik het zie, heeft de Ha\u00eftiaanse overheid haar werk gedaan in de zin dat ze de kustgemeenschappen heeft proberen verwittigen. Maar de sensibilisering bereikte waarschijnlijk niet iedereen, en bovendien waren er mensen die niet wilden vertrekken. Omdat ze bang waren dat er zou ingebroken worden tijdens hun afwezigheid, maar soms ook omdat ze rekenen op de goddelijke voorzienigheid.&#8221;<br \/>\nOndertussen zijn er oproepen tot steun gelanceerd door hulporganisaties.<br \/>\n&#8220;Ik vrees ervoor dat de hulporganisaties mekaar weer voor de voeten gaan lopen en vergeten om<!--more--> met de Ha\u00eftianen samen te werken. Dat gebeurde na de aardbeving van 2010 en je kan alleen maar hopen dat er toen lessen uit getrokken zijn. De co\u00f6rdinatie moet goed georganiseerd worden. Dat gebeurt best door de overheid, ook al is die zwak en is er politieke instabiliteit.&#8221;<br \/>\n&#8220;Na de aardbeving zijn er &#8216;clusters&#8217; opgezet die specifieke problemen moesten aanpakken. Zo was er een cluster die zich bezighield met water en sanitatie, een cluster rond voedselveiligheid enz enz &#8230; De Ha\u00eftianen hadden niet altijd toegang tot die clusters. Omdat ze geen badge hadden, omdat de vergaderingen in het Engels doorgingen &#8230; Die toestanden zijn toch voldoende gekend, zodat ze zich deze keer niet opnieuw zouden mogen voordoen.&#8221;<br \/>\n&#8220;Deze crisis komt op een heel slecht moment, na <a href=\"http:\/\/redactie.radiocentraal.be\/Home\/2016\/07\/16\/haiti-3\/\" target=\"_blank\" rel=\"noopener\">de misgelopen verkiezingen van vorig jaar<\/a>. Maar dit is niet het moment om al teveel te drukken op die politieke situatie te drukken. Nu moet er hulp verleend worden.&#8221;<\/p>\n","protected":false},"excerpt":{"rendered":"<p>Orkaan Matthew trok door de Cara\u00efben en trof vooral het zuidwesten van Ha\u00efti. &#8220;Laten we hopen dat hulporganisaties lessen getrokken hebben na de aardbeving van 2010 en deze keer de Ha\u00eftianen zullen betrekken bij de heropbouw.&#8221; \u00a0Joris Willems doet verslag vanuit Port-Au-Prince: &#8220;Transport is een groot probleem. Zo loopt er geen asfaltweg tot aan de &hellip; <a href=\"https:\/\/redactie.radiocentraal.org\/home\/haiti-na-matthew-wat-nu\/\" class=\"more-link\">Continue reading <span class=\"screen-reader-text\">Haiti na Matthew. Wat nu?<\/span><\/a><\/p>\n","protected":false},"author":2,"featured_media":0,"comment_status":"open","ping_status":"open","sticky":false,"template":"","format":"standard","meta":{"footnotes":""},"categories":[19],"tags":[486],"class_list":["post-11448","post","type-post","status-publish","format-standard","hentry","category-latijns-amerika-carraiben","tag-haiti"],"_links":{"self":[{"href":"https:\/\/redactie.radiocentraal.org\/home\/wp-json\/wp\/v2\/posts\/11448","targetHints":{"allow":["GET"]}}],"collection":[{"href":"https:\/\/redactie.radiocentraal.org\/home\/wp-json\/wp\/v2\/posts"}],"about":[{"href":"https:\/\/redactie.radiocentraal.org\/home\/wp-json\/wp\/v2\/types\/post"}],"author":[{"embeddable":true,"href":"https:\/\/redactie.radiocentraal.org\/home\/wp-json\/wp\/v2\/users\/2"}],"replies":[{"embeddable":true,"href":"https:\/\/redactie.radiocentraal.org\/home\/wp-json\/wp\/v2\/comments?post=11448"}],"version-history":[{"count":0,"href":"https:\/\/redactie.radiocentraal.org\/home\/wp-json\/wp\/v2\/posts\/11448\/revisions"}],"wp:attachment":[{"href":"https:\/\/redactie.radiocentraal.org\/home\/wp-json\/wp\/v2\/media?parent=11448"}],"wp:term":[{"taxonomy":"category","embeddable":true,"href":"https:\/\/redactie.radiocentraal.org\/home\/wp-json\/wp\/v2\/categories?post=11448"},{"taxonomy":"post_tag","embeddable":true,"href":"https:\/\/redactie.radiocentraal.org\/home\/wp-json\/wp\/v2\/tags?post=11448"}],"curies":[{"name":"wp","href":"https:\/\/api.w.org\/{rel}","templated":true}]}}